{"id":5640,"date":"2024-09-26T15:12:48","date_gmt":"2024-09-26T12:12:48","guid":{"rendered":"https:\/\/artofoculoplastics.com\/?p=5640"},"modified":"2026-04-27T13:50:14","modified_gmt":"2026-04-27T10:50:14","slug":"%d8%aa%d8%af%d9%84%d9%89-%d8%a7%d9%84%d8%ac%d9%81%d9%86","status":"publish","type":"post","link":"https:\/\/artofoculoplastics.com\/ar\/%d8%aa%d8%af%d9%84%d9%89-%d8%a7%d9%84%d8%ac%d9%81%d9%86\/","title":{"rendered":"\u062a\u062f\u0644\u0649 \u0627\u0644\u062c\u0641\u0646"},"content":{"rendered":"<p data-block-id=\"ddf35723-e07a-4169-9f12-15a0c103689c\" data-pm-slice=\"1 1 []\">\u00dcst g\u00f6z kapa\u011f\u0131n\u0131n normalden daha a\u015fa\u011f\u0131da bulunmas\u0131 durumudur. <strong>\u062c\u0641\u0646 \u0645\u062a\u062f\u0644\u064a<\/strong>, tek g\u00f6zde ya da her iki g\u00f6zde birden g\u00f6r\u00fclebilir. Baz\u0131 ki\u015filerde do\u011fu\u015ftan olabilir. Baz\u0131lar\u0131nda ya\u015flanma, sinir ve kas hastal\u0131klar\u0131, travmalar veya ameliyatlar sonras\u0131nda geli\u015febilir.<\/p>\n<h2 data-block-id=\"c08f213e-add1-46aa-ab06-cf463a69f3d7\">\u0645\u0627 \u0627\u0644\u0630\u064a \u064a\u0633\u0628\u0628 \u0627\u0644\u062c\u0641\u0648\u0646 \u0627\u0644\u0645\u062a\u062f\u0644\u064a\u0629\u061f<\/h2>\n<p><img fetchpriority=\"high\" decoding=\"async\" class=\"wp-image-8587 alignleft\" src=\"https:\/\/artofoculoplastics.com\/wp-content\/uploads\/2024\/09\/goz-kapagi-dusuklugu-2-2.jpg\" alt=\"\u062a\u062f\u0644\u0649 \u0627\u0644\u062c\u0641\u0646\" width=\"380\" height=\"199\" srcset=\"https:\/\/artofoculoplastics.com\/wp-content\/uploads\/2024\/09\/goz-kapagi-dusuklugu-2-2.jpg 1200w, https:\/\/artofoculoplastics.com\/wp-content\/uploads\/2024\/09\/goz-kapagi-dusuklugu-2-2-300x157.jpg 300w, https:\/\/artofoculoplastics.com\/wp-content\/uploads\/2024\/09\/goz-kapagi-dusuklugu-2-2-1024x536.jpg 1024w, https:\/\/artofoculoplastics.com\/wp-content\/uploads\/2024\/09\/goz-kapagi-dusuklugu-2-2-768x402.jpg 768w, https:\/\/artofoculoplastics.com\/wp-content\/uploads\/2024\/09\/goz-kapagi-dusuklugu-2-2-18x9.jpg 18w, https:\/\/artofoculoplastics.com\/wp-content\/uploads\/2024\/09\/goz-kapagi-dusuklugu-2-2-600x314.jpg 600w\" sizes=\"(max-width: 380px) 100vw, 380px\" \/><\/p>\n<p data-block-id=\"92a64989-202a-479f-8ef0-7a7c4662f520\">T\u0131p literat\u00fcr\u00fcnde pitozis olarak adland\u0131r\u0131lan bir durumdur. \u00dcst g\u00f6z kapa\u011f\u0131n\u0131n normalden daha a\u015fa\u011f\u0131da yer almas\u0131 ile ortaya \u00e7\u0131kar. Hem estetik g\u00f6r\u00fcn\u00fcm\u00fc hem de g\u00f6rme fonksiyonunu etkileyebilir.?<\/p>\n<p data-block-id=\"e134d691-9c91-4ab9-98ef-d269536df290\">\u00d6ncelikle, do\u011fumsal (konjenital) nedenler en s\u0131k g\u00f6r\u00fclen sebeplerden biridir. Bebe\u011fin do\u011fumuyla birlikte g\u00f6z kapa\u011f\u0131n\u0131 kald\u0131ran kas\u0131n geli\u015fiminde yetersizlik olabilir. Bu durum \u00e7ocukluk d\u00f6neminde fark edilmezse, ilerleyen y\u0131llarda g\u00f6rme tembelli\u011fine yol a\u00e7abilir.<\/p>\n<p data-block-id=\"c4080ab9-bbc2-4110-96b3-fe0ba00e9584\">Ya\u015fa ba\u011fl\u0131 olarak da geli\u015febilir. Zamanla g\u00f6z kapa\u011f\u0131n\u0131 yukar\u0131 kald\u0131ran levator kas\u0131 zay\u0131flar veya gev\u015fer. Bu da \u00f6zellikle ileri ya\u015flarda g\u00f6z kapa\u011f\u0131n\u0131n a\u015fa\u011f\u0131ya do\u011fru sarkmas\u0131na neden olur. Ya\u015flanmaya ba\u011fl\u0131 pitozis eri\u015fkinlerde en s\u0131k kar\u015f\u0131la\u015f\u0131lan nedenlerden biridir.<\/p>\n<p data-block-id=\"76e811c6-da20-425c-863e-30d1e7e7b775\">Bunun yan\u0131 s\u0131ra, n\u00f6rolojik hastal\u0131klar ve sinir hasarlar\u0131 da pitozise yol a\u00e7abilir. Fel\u00e7ler, beyin veya sinir sistemi ile ilgili baz\u0131 rahats\u0131zl\u0131klar g\u00f6z kapa\u011f\u0131n\u0131n d\u00fc\u015fmesine sebep olabilir. Miyastenia gravis gibi kas hastal\u0131klar\u0131 da kas g\u00fcc\u00fcn\u00fc zay\u0131flatarak benzer bir tabloya yol a\u00e7ar.<\/p>\n<p data-block-id=\"726ebbf1-dbc8-4708-8feb-0f09da48337e\">Travmalar ve g\u00f6z \u00e7evresine yap\u0131lan cerrahiler de g\u00f6z kapa\u011f\u0131 kaslar\u0131n\u0131 etkileyerek d\u00fc\u015f\u00fckl\u00fc\u011fe neden olabilir. \u00d6zellikle g\u00f6z ameliyatlar\u0131 sonras\u0131 bu durum g\u00f6r\u00fclebilir.<\/p>\n<p data-block-id=\"5f92b64b-c5a1-45e0-bcff-36ab4d6b16a5\">\u062e\u062a\u0627\u0645\u0627\u064b\u060c <strong>\u062c\u0641\u0646 \u0645\u062a\u062f\u0644\u064a <\/strong>farkl\u0131 nedenlerle ortaya \u00e7\u0131kabilen bir sa\u011fl\u0131k problemidir. G\u00f6rme alan\u0131n\u0131 daraltmas\u0131 ve estetik a\u00e7\u0131dan ki\u015fiyi rahats\u0131z etmesi nedeniyle hafife al\u0131nmamal\u0131d\u0131r. D\u00fczenli g\u00f6z muayeneleri ile erken d\u00f6nemde neden tespit edilerek uygun tedavi plan\u0131 yap\u0131labilir.<\/p>\n<h3 data-block-id=\"1cfb7719-126e-4ff1-b922-2aee15c622f2\">\u0645\u0627 \u0647\u064a \u0623\u0639\u0631\u0627\u0636 \u0627\u0644\u062c\u0641\u0648\u0646 \u0627\u0644\u0645\u062a\u062f\u0644\u064a\u0629\u061f<\/h3>\n<p data-block-id=\"fa2bce85-e5dc-42f7-80c5-aefc42698dfd\"><strong>\u062c\u0641\u0646 \u0645\u062a\u062f\u0644\u064a<\/strong>, t\u0131p literat\u00fcr\u00fcnde pitozis olarak adland\u0131r\u0131l\u0131r ve \u00fcst g\u00f6z kapa\u011f\u0131n\u0131n normalden daha a\u015fa\u011f\u0131da bulunmas\u0131 ile ortaya \u00e7\u0131kar. Bu durum, hem estetik hem de fonksiyonel a\u00e7\u0131dan ki\u015fiyi olumsuz etkileyebilir. Belirtiler ki\u015fiden ki\u015fiye de\u011fi\u015fiklik g\u00f6sterse de \u00e7o\u011fu zaman g\u00f6rmeyi zorla\u015ft\u0131racak d\u00fczeye ula\u015fabilir.<\/p>\n<p data-block-id=\"551678f8-7316-4712-8554-3c3217a6fd09\">En belirgin belirti, \u00fcst g\u00f6z kapa\u011f\u0131n\u0131n g\u00f6z bebe\u011fini k\u0131smen veya tamamen kapatmas\u0131d\u0131r. Bu durum, ki\u015finin g\u00f6rme alan\u0131n\u0131 daralt\u0131r ve g\u00fcnl\u00fck ya\u015fam aktivitelerinde zorluk yarat\u0131r. Okuma, ara\u00e7 kullanma gibi aktivitelerde daha fazla rahats\u0131zl\u0131k hissedilir.<\/p>\n<p data-block-id=\"7080798a-d9ed-4c23-9d7d-86fa66f4a761\">Baz\u0131 hastalar, kapa\u011f\u0131n d\u00fc\u015f\u00fckl\u00fc\u011f\u00fcn\u00fc telafi etmek i\u00e7in s\u00fcrekli ka\u015flar\u0131n\u0131 kald\u0131rarak g\u00f6rmeye \u00e7al\u0131\u015f\u0131r. Bu da al\u0131n kaslar\u0131nda ve ka\u015f \u00e7evresinde yorgunlu\u011fa, hatta ba\u015f a\u011fr\u0131lar\u0131na neden olabilir. \u00d6zellikle g\u00fcn sonunda g\u00f6zlerde a\u011f\u0131rl\u0131k ve yorgunluk hissi belirginle\u015fir.<\/p>\n<p data-block-id=\"1219eec1-cbc7-432f-ba6f-0bbdb57d0e1c\">\u00c7ocuklarda pitozis daha farkl\u0131 sonu\u00e7lar do\u011furabilir. G\u00f6z bebe\u011fini kapat\u0131yorsa, \u00e7ocuk yeterince g\u00f6rsel uyaran alamaz. Bu durum g\u00f6rme tembelli\u011fine (ambliyopi) yol a\u00e7abilir. Erken te\u015fhis edilmedi\u011finde, kal\u0131c\u0131 g\u00f6rme kayb\u0131 riski olu\u015fur.<\/p>\n<p data-block-id=\"c06b7d9e-15cb-44d8-9e79-d7dd251a80c9\">Ayr\u0131ca, <strong>\u062c\u0641\u0646 \u0645\u062a\u062f\u0644\u064a <\/strong>ki\u015fiye yorgun, uykulu veya ya\u015fl\u0131 bir g\u00f6r\u00fcn\u00fcm verir. Bu estetik rahats\u0131zl\u0131k da sosyal ya\u015fam\u0131 olumsuz etkileyebilir.<\/p>\n<p data-block-id=\"3493e901-1052-4b5c-831c-6b1033424d0c\">Sonu\u00e7 olarak, yaln\u0131zca kozmetik bir problem de\u011fil, ayn\u0131 zamanda g\u00f6rme sa\u011fl\u0131\u011f\u0131n\u0131 da do\u011frudan etkileyen bir durumdur. \u00dcst g\u00f6z kapa\u011f\u0131nda asimetri, g\u00f6rme alan\u0131nda daralma veya s\u00fcrekli g\u00f6z yorgunlu\u011fu ya\u015f\u0131yorsan\u0131z, bu durumu \u00f6nemseyin. Mutlaka bir g\u00f6z hastal\u0131klar\u0131 uzman\u0131na ba\u015fvurman\u0131z gerekir.<\/p>\n<h3 data-block-id=\"4e3533c3-47f0-45e4-b053-2ff49b79da80\">\u0643\u064a\u0641\u064a\u0629 \u0639\u0644\u0627\u062c \u0627\u0644\u062c\u0641\u0646 \u0627\u0644\u0645\u062a\u0633\u0627\u0642\u0637\u061f<\/h3>\n<p><img decoding=\"async\" class=\"wp-image-8588 alignright\" src=\"https:\/\/artofoculoplastics.com\/wp-content\/uploads\/2024\/09\/goz-kapagi-dusuklugu-3-1.jpg\" alt=\"\u062a\u062f\u0644\u0649 \u0627\u0644\u062c\u0641\u0646\" width=\"380\" height=\"199\" srcset=\"https:\/\/artofoculoplastics.com\/wp-content\/uploads\/2024\/09\/goz-kapagi-dusuklugu-3-1.jpg 1200w, https:\/\/artofoculoplastics.com\/wp-content\/uploads\/2024\/09\/goz-kapagi-dusuklugu-3-1-300x157.jpg 300w, https:\/\/artofoculoplastics.com\/wp-content\/uploads\/2024\/09\/goz-kapagi-dusuklugu-3-1-1024x536.jpg 1024w, https:\/\/artofoculoplastics.com\/wp-content\/uploads\/2024\/09\/goz-kapagi-dusuklugu-3-1-768x402.jpg 768w, https:\/\/artofoculoplastics.com\/wp-content\/uploads\/2024\/09\/goz-kapagi-dusuklugu-3-1-18x9.jpg 18w, https:\/\/artofoculoplastics.com\/wp-content\/uploads\/2024\/09\/goz-kapagi-dusuklugu-3-1-600x314.jpg 600w\" sizes=\"(max-width: 380px) 100vw, 380px\" \/><\/p>\n<p data-block-id=\"b1c3e994-0b14-4677-b9c5-493d0f8ae155\"><strong>\u062c\u0641\u0646 \u0645\u062a\u062f\u0644\u064a<\/strong>, yaln\u0131zca estetik bir sorun de\u011fil, ayn\u0131 zamanda g\u00f6rme fonksiyonunu da etkileyebilen bir rahats\u0131zl\u0131kt\u0131r. Tedavi y\u00f6ntemleri, hastan\u0131n ya\u015f\u0131na, d\u00fc\u015f\u00fckl\u00fc\u011f\u00fcn derecesine ve altta yatan nedene g\u00f6re de\u011fi\u015fiklik g\u00f6sterir.<\/p>\n<p data-block-id=\"9fc85ad0-5fa1-4236-8142-0711a041f047\">\u00d6ncelikle, doktor muayenesi ile g\u00f6z kapa\u011f\u0131n\u0131n durumu ve kas fonksiyonu de\u011ferlendirilir. E\u011fer hafif derecede ise ve g\u00f6rmeyi etkilemiyorsa, d\u00fczenli takip yeterli olabilir. Ancak \u00f6zellikle \u00e7ocuklarda g\u00f6rme alan\u0131n\u0131 kapatan durumlarda tedavi geciktirilmemelidir. Aksi halde g\u00f6rme tembelli\u011fi (ambliyopi) geli\u015febilir.<\/p>\n<p data-block-id=\"dd3b92dd-c6d1-4a3b-904c-350f330df756\">En yayg\u0131n tedavi y\u00f6ntemi cerrahidir. Ameliyat, g\u00f6z kapa\u011f\u0131n\u0131 kald\u0131ran levator kas\u0131n\u0131n g\u00fc\u00e7lendirilmesi veya k\u0131salt\u0131lmas\u0131 \u015feklinde uygulan\u0131r. E\u011fer kas fonksiyonu \u00e7ok zay\u0131fsa, g\u00f6z kapa\u011f\u0131 al\u0131n kas\u0131na ask\u0131 y\u00f6ntemi ile ba\u011flan\u0131r. Bu sayede g\u00f6z kapa\u011f\u0131 daha yukar\u0131da tutulabilir. Cerrahi i\u015flemler genellikle lokal anestezi alt\u0131nda k\u0131sa s\u00fcrede ger\u00e7ekle\u015ftirilir. Hastalar ayn\u0131 g\u00fcn taburcu olabilir.<\/p>\n<p data-block-id=\"46f3df0d-8f40-47e5-94c9-1972153c760e\">Baz\u0131 durumlarda, n\u00f6rolojik ya da kas hastal\u0131klar\u0131na ba\u011fl\u0131 geli\u015fmi\u015fse, \u00f6ncelikle altta yatan hastal\u0131\u011f\u0131n tedavisi \u00f6nemlidir. Bu nedenle do\u011fru tan\u0131, ba\u015far\u0131l\u0131 tedavinin en kritik ad\u0131m\u0131d\u0131r.<\/p>\n<p data-block-id=\"bb788b41-c25d-413f-b353-6d48c7060603\">Ameliyat sonras\u0131nda hastalar hem estetik a\u00e7\u0131dan daha gen\u00e7 ve din\u00e7 bir g\u00f6r\u00fcn\u00fcme kavu\u015fur hem de g\u00f6rme kaliteleri artar. \u0130yile\u015fme s\u00fcreci genellikle h\u0131zl\u0131d\u0131r ve sonu\u00e7lar kal\u0131c\u0131d\u0131r.<\/p>\n<p data-block-id=\"b7b9df59-19cb-491a-a663-61ae7a1b7e47\">\u062e\u062a\u0627\u0645\u0627\u064b\u060c <strong>\u062c\u0641\u0646 \u0645\u062a\u062f\u0644\u064a<\/strong> tedavi edilebilen bir durumdur. G\u00f6rme alan\u0131nda daralma, estetik kayg\u0131lar veya g\u00f6z yorgunlu\u011fu ya\u015f\u0131yorsan\u0131z bir g\u00f6z hastal\u0131klar\u0131 uzman\u0131na ba\u015fvurmal\u0131s\u0131n\u0131z. Uzman doktor size en uygun tedavi plan\u0131n\u0131 belirleyecektir.<\/p>\n<h3 data-block-id=\"8f0fa511-8e9c-4457-852d-f832d3d7721d\">G\u00f6z Kapa\u011f\u0131 D\u00fc\u015f\u00fckl\u00fc\u011f\u00fc Tedavisi Sonras\u0131 S\u00fcre\u00e7 Nas\u0131ld\u0131r?<\/h3>\n<p data-block-id=\"d905067e-37b7-471a-ac88-0bff58688624\">Cerrahi y\u00f6ntemlerle ba\u015far\u0131l\u0131 bir \u015fekilde tedavi edilebilen bir rahats\u0131zl\u0131kt\u0131r. Ancak tedavi kadar, sonras\u0131ndaki iyile\u015fme s\u00fcreci de olduk\u00e7a \u00f6nemlidir. Ameliyat sonras\u0131 s\u00fcre\u00e7 hem sa\u011fl\u0131kl\u0131 bir iyile\u015fme hem de kal\u0131c\u0131 ve estetik bir sonu\u00e7 elde etmek i\u00e7in dikkatle takip edilmelidir.<\/p>\n<p data-block-id=\"27df71e3-9638-44b6-ba4d-71330d2fd5c8\">Ameliyat sonras\u0131 genellikle ayn\u0131 g\u00fcn taburcu olunabilir. \u0130lk birka\u00e7 g\u00fcn g\u00f6z kapa\u011f\u0131nda \u015fi\u015flik, morluk ve hafif a\u011fr\u0131 g\u00f6r\u00fclebilir. Bu belirtiler olduk\u00e7a normaldir ve \u00e7o\u011funlukla k\u0131sa s\u00fcrede azal\u0131r. Doktorun \u00f6nerdi\u011fi so\u011fuk uygulama ve ila\u00e7lar, bu s\u00fcreci daha konforlu hale getirir.<\/p>\n<p data-block-id=\"148f410c-3f5e-4b7c-b16a-d14e29a98bac\">\u0130yile\u015fme d\u00f6neminde g\u00f6z \u00e7evresini darbelerden korumak, a\u015f\u0131r\u0131 g\u00f6z ovu\u015fturmaktan ka\u00e7\u0131nmak gerekir. Ayr\u0131ca enfeksiyon riskine kar\u015f\u0131 g\u00f6z temizli\u011fine \u00f6zen g\u00f6sterilmelidir. Re\u00e7ete edilen damla veya pomadlar d\u00fczenli olarak kullan\u0131lmal\u0131d\u0131r. \u00c7o\u011fu hastada birka\u00e7 g\u00fcn i\u00e7inde g\u00fcnl\u00fck hayata d\u00f6nmek m\u00fcmk\u00fcn olsa da tam iyile\u015fme birka\u00e7 hafta s\u00fcrebilir.<\/p>\n<p data-block-id=\"d5fa82cd-a948-4911-b16a-1bb34f1e8943\">Ameliyat\u0131n ard\u0131ndan g\u00f6z kapa\u011f\u0131 daha yukar\u0131da konumlan\u0131r. B\u00f6ylece g\u00f6rme alan\u0131 geni\u015fler, g\u00f6z yorgunlu\u011fu azal\u0131r ve ki\u015fi daha din\u00e7 bir g\u00f6r\u00fcn\u00fcme kavu\u015fur. Bu hem fonksiyonel hem de estetik a\u00e7\u0131dan ya\u015fam kalitesini y\u00fckseltir.<\/p>\n<p data-block-id=\"24e67b95-5071-446f-9204-8bcb7cab5150\">\u00c7ocuk hastalarda tedavi sonras\u0131 d\u00fczenli kontroller \u00e7ok \u00f6nemlidir. B\u00f6ylece olas\u0131 g\u00f6rme tembelli\u011fi riski \u00f6nlenir ve sa\u011fl\u0131kl\u0131 bir g\u00f6rme geli\u015fimi desteklenir.<\/p>\n<p data-block-id=\"8c404862-94f8-4181-9f34-6da29891937f\">\u062e\u062a\u0627\u0645\u0627\u064b\u060c <strong>\u062c\u0641\u0646 \u0645\u062a\u062f\u0644\u064a <\/strong>tedavisi sonras\u0131 s\u00fcre\u00e7, do\u011fru bak\u0131m ve doktor takibi ile olduk\u00e7a ba\u015far\u0131l\u0131 ve konforlu ge\u00e7er. Hastalar hem g\u00f6rme kalitesinde hem de estetik g\u00f6r\u00fcn\u00fcmde belirgin iyile\u015fme elde ederler.<\/p>","protected":false},"excerpt":{"rendered":"<p>\u00dcst g\u00f6z kapa\u011f\u0131n\u0131n normalden daha a\u015fa\u011f\u0131da bulunmas\u0131 durumudur. G\u00f6z kapa\u011f\u0131 d\u00fc\u015f\u00fckl\u00fc\u011f\u00fc, tek g\u00f6zde ya da her iki g\u00f6zde birden g\u00f6r\u00fclebilir. Baz\u0131 ki\u015filerde do\u011fu\u015ftan olabilir. Baz\u0131lar\u0131nda ya\u015flanma, sinir ve kas hastal\u0131klar\u0131, travmalar veya ameliyatlar sonras\u0131nda geli\u015febilir. G\u00f6z Kapa\u011f\u0131 D\u00fc\u015f\u00fckl\u00fc\u011f\u00fc Neden Olur? T\u0131p literat\u00fcr\u00fcnde pitozis olarak adland\u0131r\u0131lan bir durumdur. \u00dcst g\u00f6z kapa\u011f\u0131n\u0131n normalden daha a\u015fa\u011f\u0131da yer almas\u0131&#8230;<\/p>","protected":false},"author":1,"featured_media":8585,"comment_status":"closed","ping_status":"open","sticky":false,"template":"","format":"standard","meta":{"footnotes":""},"categories":[1],"tags":[],"class_list":["post-5640","post","type-post","status-publish","format-standard","has-post-thumbnail","hentry","category-genel","th-blog blog-single has-post-thumbnail"],"_links":{"self":[{"href":"https:\/\/artofoculoplastics.com\/ar\/wp-json\/wp\/v2\/posts\/5640","targetHints":{"allow":["GET"]}}],"collection":[{"href":"https:\/\/artofoculoplastics.com\/ar\/wp-json\/wp\/v2\/posts"}],"about":[{"href":"https:\/\/artofoculoplastics.com\/ar\/wp-json\/wp\/v2\/types\/post"}],"author":[{"embeddable":true,"href":"https:\/\/artofoculoplastics.com\/ar\/wp-json\/wp\/v2\/users\/1"}],"replies":[{"embeddable":true,"href":"https:\/\/artofoculoplastics.com\/ar\/wp-json\/wp\/v2\/comments?post=5640"}],"version-history":[{"count":3,"href":"https:\/\/artofoculoplastics.com\/ar\/wp-json\/wp\/v2\/posts\/5640\/revisions"}],"predecessor-version":[{"id":8589,"href":"https:\/\/artofoculoplastics.com\/ar\/wp-json\/wp\/v2\/posts\/5640\/revisions\/8589"}],"wp:featuredmedia":[{"embeddable":true,"href":"https:\/\/artofoculoplastics.com\/ar\/wp-json\/wp\/v2\/media\/8585"}],"wp:attachment":[{"href":"https:\/\/artofoculoplastics.com\/ar\/wp-json\/wp\/v2\/media?parent=5640"}],"wp:term":[{"taxonomy":"category","embeddable":true,"href":"https:\/\/artofoculoplastics.com\/ar\/wp-json\/wp\/v2\/categories?post=5640"},{"taxonomy":"post_tag","embeddable":true,"href":"https:\/\/artofoculoplastics.com\/ar\/wp-json\/wp\/v2\/tags?post=5640"}],"curies":[{"name":"wp","href":"https:\/\/api.w.org\/{rel}","templated":true}]}}